{"id":2996,"date":"2025-07-18T09:05:30","date_gmt":"2025-07-18T09:05:30","guid":{"rendered":"https:\/\/boa-escolha.pt\/?p=2996"},"modified":"2025-07-18T09:41:00","modified_gmt":"2025-07-18T09:41:00","slug":"a-formacao-e-fundamental-para-a-manutencao-e-reparacao-de-veiculos-eletrificados-bosch-car-service","status":"publish","type":"post","link":"https:\/\/boa-escolha.pt\/index.php\/2025\/07\/18\/a-formacao-e-fundamental-para-a-manutencao-e-reparacao-de-veiculos-eletrificados-bosch-car-service\/","title":{"rendered":"\u201cA forma\u00e7\u00e3o \u00e9 fundamental para a manuten\u00e7\u00e3o e repara\u00e7\u00e3o de ve\u00edculos eletrificados.&#8221; &#8211; Bosch Car Service"},"content":{"rendered":"\t\t<div data-elementor-type=\"wp-post\" data-elementor-id=\"2996\" class=\"elementor elementor-2996\">\n\t\t\t\t\t\t<section class=\"elementor-section elementor-top-section elementor-element elementor-element-1be6df0 elementor-section-boxed elementor-section-height-default elementor-section-height-default\" data-id=\"1be6df0\" data-element_type=\"section\" data-e-type=\"section\">\n\t\t\t\t\t\t<div class=\"elementor-container elementor-column-gap-default\">\n\t\t\t\t\t<div class=\"elementor-column elementor-col-100 elementor-top-column elementor-element elementor-element-d2dc357\" data-id=\"d2dc357\" data-element_type=\"column\" data-e-type=\"column\">\n\t\t\t<div class=\"elementor-widget-wrap elementor-element-populated\">\n\t\t\t\t\t\t<div class=\"elementor-element elementor-element-d1ca306 elementor-widget elementor-widget-spacer\" data-id=\"d1ca306\" data-element_type=\"widget\" data-e-type=\"widget\" data-widget_type=\"spacer.default\">\n\t\t\t\t<div class=\"elementor-widget-container\">\n\t\t\t\t\t\t\t<div class=\"elementor-spacer\">\n\t\t\t<div class=\"elementor-spacer-inner\"><\/div>\n\t\t<\/div>\n\t\t\t\t\t\t<\/div>\n\t\t\t\t<\/div>\n\t\t\t\t\t<\/div>\n\t\t<\/div>\n\t\t\t\t\t<\/div>\n\t\t<\/section>\n\t\t\t\t<section class=\"elementor-section elementor-top-section elementor-element elementor-element-34ffa8f elementor-section-boxed elementor-section-height-default elementor-section-height-default\" data-id=\"34ffa8f\" data-element_type=\"section\" data-e-type=\"section\">\n\t\t\t\t\t\t<div class=\"elementor-container elementor-column-gap-default\">\n\t\t\t\t\t<div class=\"elementor-column elementor-col-100 elementor-top-column elementor-element elementor-element-ac6aac8\" data-id=\"ac6aac8\" data-element_type=\"column\" data-e-type=\"column\">\n\t\t\t<div class=\"elementor-widget-wrap elementor-element-populated\">\n\t\t\t\t\t\t<div class=\"elementor-element elementor-element-c8aacea elementor-widget__width-initial elementor-widget elementor-widget-heading\" data-id=\"c8aacea\" data-element_type=\"widget\" data-e-type=\"widget\" data-widget_type=\"heading.default\">\n\t\t\t\t<div class=\"elementor-widget-container\">\n\t\t\t\t\t<h2 class=\"elementor-heading-title elementor-size-default\">\u201cA forma\u00e7\u00e3o \u00e9 fundamental para a manuten\u00e7\u00e3o e repara\u00e7\u00e3o de ve\u00edculos eletrificados.\" - Bosch Car Service<\/h2>\t\t\t\t<\/div>\n\t\t\t\t<\/div>\n\t\t\t\t\t<\/div>\n\t\t<\/div>\n\t\t\t\t\t<\/div>\n\t\t<\/section>\n\t\t\t\t<section class=\"elementor-section elementor-top-section elementor-element elementor-element-1fb682e elementor-section-boxed elementor-section-height-default elementor-section-height-default\" data-id=\"1fb682e\" data-element_type=\"section\" data-e-type=\"section\">\n\t\t\t\t\t\t<div class=\"elementor-container elementor-column-gap-default\">\n\t\t\t\t\t<div class=\"elementor-column elementor-col-100 elementor-top-column elementor-element elementor-element-60cfe64\" data-id=\"60cfe64\" data-element_type=\"column\" data-e-type=\"column\">\n\t\t\t<div class=\"elementor-widget-wrap elementor-element-populated\">\n\t\t\t\t\t\t<div class=\"elementor-element elementor-element-8ef9dfe elementor-widget__width-initial elementor-widget elementor-widget-image\" data-id=\"8ef9dfe\" data-element_type=\"widget\" data-e-type=\"widget\" data-widget_type=\"image.default\">\n\t\t\t\t<div class=\"elementor-widget-container\">\n\t\t\t\t\t\t\t\t\t\t\t\t\t\t\t<img fetchpriority=\"high\" decoding=\"async\" width=\"790\" height=\"548\" src=\"https:\/\/boa-escolha.pt\/wp-content\/uploads\/2025\/07\/Entrevista-Bosch-Car-Service.png\" class=\"attachment-full size-full wp-image-2997\" alt=\"\" srcset=\"https:\/\/boa-escolha.pt\/wp-content\/uploads\/2025\/07\/Entrevista-Bosch-Car-Service.png 790w, https:\/\/boa-escolha.pt\/wp-content\/uploads\/2025\/07\/Entrevista-Bosch-Car-Service-300x208.png 300w, https:\/\/boa-escolha.pt\/wp-content\/uploads\/2025\/07\/Entrevista-Bosch-Car-Service-768x533.png 768w\" sizes=\"(max-width: 790px) 100vw, 790px\" \/>\t\t\t\t\t\t\t\t\t\t\t\t\t\t\t<\/div>\n\t\t\t\t<\/div>\n\t\t\t\t\t<\/div>\n\t\t<\/div>\n\t\t\t\t\t<\/div>\n\t\t<\/section>\n\t\t\t\t<section class=\"elementor-section elementor-top-section elementor-element elementor-element-663591f elementor-section-boxed elementor-section-height-default elementor-section-height-default\" data-id=\"663591f\" data-element_type=\"section\" data-e-type=\"section\">\n\t\t\t\t\t\t<div class=\"elementor-container elementor-column-gap-default\">\n\t\t\t\t\t<div class=\"elementor-column elementor-col-100 elementor-top-column elementor-element elementor-element-992a57a\" data-id=\"992a57a\" data-element_type=\"column\" data-e-type=\"column\">\n\t\t\t<div class=\"elementor-widget-wrap elementor-element-populated\">\n\t\t\t\t\t\t<div class=\"elementor-element elementor-element-378aa79 elementor-widget elementor-widget-spacer\" data-id=\"378aa79\" data-element_type=\"widget\" data-e-type=\"widget\" data-widget_type=\"spacer.default\">\n\t\t\t\t<div class=\"elementor-widget-container\">\n\t\t\t\t\t\t\t<div class=\"elementor-spacer\">\n\t\t\t<div class=\"elementor-spacer-inner\"><\/div>\n\t\t<\/div>\n\t\t\t\t\t\t<\/div>\n\t\t\t\t<\/div>\n\t\t\t\t\t<\/div>\n\t\t<\/div>\n\t\t\t\t\t<\/div>\n\t\t<\/section>\n\t\t\t\t<section class=\"elementor-section elementor-top-section elementor-element elementor-element-222b3e6 elementor-section-boxed elementor-section-height-default elementor-section-height-default\" data-id=\"222b3e6\" data-element_type=\"section\" data-e-type=\"section\">\n\t\t\t\t\t\t<div class=\"elementor-container elementor-column-gap-default\">\n\t\t\t\t\t<div class=\"elementor-column elementor-col-100 elementor-top-column elementor-element elementor-element-bc6fa87\" data-id=\"bc6fa87\" data-element_type=\"column\" data-e-type=\"column\">\n\t\t\t<div class=\"elementor-widget-wrap elementor-element-populated\">\n\t\t\t\t\t\t<div class=\"elementor-element elementor-element-dc179e8 elementor-widget elementor-widget-text-editor\" data-id=\"dc179e8\" data-element_type=\"widget\" data-e-type=\"widget\" data-widget_type=\"text-editor.default\">\n\t\t\t\t<div class=\"elementor-widget-container\">\n\t\t\t\t\t\t\t\t\t<p><strong>De que forma o pr\u00e9mio Boa Escolha refor\u00e7a a confian\u00e7a dos clientes na Bosch Car Service e no servi\u00e7o que prestam diariamente?<\/strong><\/p>\t\t\t\t\t\t\t\t<\/div>\n\t\t\t\t<\/div>\n\t\t\t\t<div class=\"elementor-element elementor-element-478f184 elementor-widget elementor-widget-text-editor\" data-id=\"478f184\" data-element_type=\"widget\" data-e-type=\"widget\" data-widget_type=\"text-editor.default\">\n\t\t\t\t<div class=\"elementor-widget-container\">\n\t\t\t\t\t\t\t\t\t<p>O pr\u00e9mio Boa Escolha \u00e9 um reconhecimento muito importante que valida a qualidade e fiabilidade dos servi\u00e7os oferecidos na nossa rede de oficinas para os clientes. Este selo refor\u00e7a a confian\u00e7a dos nossos clientes, pois certifica o nosso compromisso com um servi\u00e7o de excel\u00eancia, transparente e focado na total satisfa\u00e7\u00e3o do consumidor. Saber que somos uma marca recomendada faz com que os clientes se sintam seguros ao confiar os seus ve\u00edculos \u00e0s nossas oficinas e profissionais, sabendo que est\u00e3o em boas m\u00e3os.<b><\/b><\/p>\t\t\t\t\t\t\t\t<\/div>\n\t\t\t\t<\/div>\n\t\t\t\t\t<\/div>\n\t\t<\/div>\n\t\t\t\t\t<\/div>\n\t\t<\/section>\n\t\t\t\t<section class=\"elementor-section elementor-top-section elementor-element elementor-element-e3237f8 elementor-section-boxed elementor-section-height-default elementor-section-height-default\" data-id=\"e3237f8\" data-element_type=\"section\" data-e-type=\"section\">\n\t\t\t\t\t\t<div class=\"elementor-container elementor-column-gap-default\">\n\t\t\t\t\t<div class=\"elementor-column elementor-col-100 elementor-top-column elementor-element elementor-element-2d65890\" data-id=\"2d65890\" data-element_type=\"column\" data-e-type=\"column\">\n\t\t\t<div class=\"elementor-widget-wrap elementor-element-populated\">\n\t\t\t\t\t\t<div class=\"elementor-element elementor-element-367365f elementor-widget elementor-widget-text-editor\" data-id=\"367365f\" data-element_type=\"widget\" data-e-type=\"widget\" data-widget_type=\"text-editor.default\">\n\t\t\t\t<div class=\"elementor-widget-container\">\n\t\t\t\t\t\t\t\t\t<p><strong>Com a manuten\u00e7\u00e3o autom\u00f3vel em constante evolu\u00e7\u00e3o, como est\u00e3o a preparar os vossos centros para as novas tend\u00eancias, como ve\u00edculos el\u00e9tricos e conectividade<\/strong><\/p>\t\t\t\t\t\t\t\t<\/div>\n\t\t\t\t<\/div>\n\t\t\t\t<div class=\"elementor-element elementor-element-f72749d elementor-widget elementor-widget-text-editor\" data-id=\"f72749d\" data-element_type=\"widget\" data-e-type=\"widget\" data-widget_type=\"text-editor.default\">\n\t\t\t\t<div class=\"elementor-widget-container\">\n\t\t\t\t\t\t\t\t\t<p>Estamos a investir de forma significativa na forma\u00e7\u00e3o cont\u00ednua dos nossos profissionais, com programas de forma\u00e7\u00e3o e acompanhamento da qualidade de acordo com os nossos manuais Bosch Car Service Excellence. A forma\u00e7\u00e3o \u00e9 fundamental para a manuten\u00e7\u00e3o e repara\u00e7\u00e3o de ve\u00edculos eletrificados.<\/p><p>A forma\u00e7\u00e3o \u00e9 um dos pilares deste conceito, que tem como objetivo principal preparar e certificar as oficinas Bosch Car Service para a manuten\u00e7\u00e3o e repara\u00e7\u00e3o de ve\u00edculos eletrificados. Tendo em conta a tend\u00eancia prevista para os pr\u00f3ximos anos, em que o n\u00famero deste tipo de ve\u00edculos dever\u00e1 crescer de forma acelerada, a Bosch pretende que a sua rede continue a ser uma refer\u00eancia no mercado, tamb\u00e9m nestas motoriza\u00e7\u00f5es alternativas. Al\u00e9m disso, a empresa quer continuar a apoiar as oficinas que integram a sua rede, posicionando-se como um parceiro multimarca e multisservi\u00e7o competente para a manuten\u00e7\u00e3o e repara\u00e7\u00e3o de ve\u00edculos h\u00edbridos e el\u00e9tricos, tanto de clientes particulares como de frotas. \u00c9 precisamente no segmento de frotas que a quota de ve\u00edculos eletrificados cresce mais rapidamente, sendo expect\u00e1vel, segundo a GIPA, que atinja os 10 por cento em 2025.<\/p><p>A nossa rede est\u00e1 numa posi\u00e7\u00e3o ideal para captar esta parte do neg\u00f3cio da mobilidade el\u00e9trica, sendo o nosso objetivo preparar e certificar as nossas oficinas para que possam realizar a manuten\u00e7\u00e3o e repara\u00e7\u00e3o de ve\u00edculos h\u00edbridos e el\u00e9tricos.<\/p>\t\t\t\t\t\t\t\t<\/div>\n\t\t\t\t<\/div>\n\t\t\t\t\t<\/div>\n\t\t<\/div>\n\t\t\t\t\t<\/div>\n\t\t<\/section>\n\t\t\t\t<section class=\"elementor-section elementor-top-section elementor-element elementor-element-073312e elementor-section-boxed elementor-section-height-default elementor-section-height-default\" data-id=\"073312e\" data-element_type=\"section\" data-e-type=\"section\">\n\t\t\t\t\t\t<div class=\"elementor-container elementor-column-gap-default\">\n\t\t\t\t\t<div class=\"elementor-column elementor-col-100 elementor-top-column elementor-element elementor-element-3788836\" data-id=\"3788836\" data-element_type=\"column\" data-e-type=\"column\">\n\t\t\t<div class=\"elementor-widget-wrap elementor-element-populated\">\n\t\t\t\t\t\t<div class=\"elementor-element elementor-element-8de31f7 elementor-widget elementor-widget-text-editor\" data-id=\"8de31f7\" data-element_type=\"widget\" data-e-type=\"widget\" data-widget_type=\"text-editor.default\">\n\t\t\t\t<div class=\"elementor-widget-container\">\n\t\t\t\t\t\t\t\t\t<p><strong>Como garantem consist\u00eancia de qualidade em todos os vossos centros a n\u00edvel nacional?<\/strong><\/p>\t\t\t\t\t\t\t\t<\/div>\n\t\t\t\t<\/div>\n\t\t\t\t<div class=\"elementor-element elementor-element-789bb38 elementor-widget elementor-widget-text-editor\" data-id=\"789bb38\" data-element_type=\"widget\" data-e-type=\"widget\" data-widget_type=\"text-editor.default\">\n\t\t\t\t<div class=\"elementor-widget-container\">\n\t\t\t\t\t\t\t\t\t<p>A consist\u00eancia na qualidade \u00e9 assegurada atrav\u00e9s da implementa\u00e7\u00e3o rigorosa dos padr\u00f5es Bosch, auditorias peri\u00f3dicas e forma\u00e7\u00e3o constante do nosso pessoal. Al\u00e9m disso, utilizamos processos padronizados e tecnologia avan\u00e7ada para garantir que cada interven\u00e7\u00e3o, independentemente da localiza\u00e7\u00e3o, cumpre os mesmos crit\u00e9rios de excel\u00eancia. O feedback dos clientes tamb\u00e9m \u00e9 fundamental para monitorizar e melhorar continuamente os nossos servi\u00e7os.<\/p>\t\t\t\t\t\t\t\t<\/div>\n\t\t\t\t<\/div>\n\t\t\t\t\t<\/div>\n\t\t<\/div>\n\t\t\t\t\t<\/div>\n\t\t<\/section>\n\t\t\t\t<section class=\"elementor-section elementor-top-section elementor-element elementor-element-69abb28 elementor-section-boxed elementor-section-height-default elementor-section-height-default\" data-id=\"69abb28\" data-element_type=\"section\" data-e-type=\"section\">\n\t\t\t\t\t\t<div class=\"elementor-container elementor-column-gap-default\">\n\t\t\t\t\t<div class=\"elementor-column elementor-col-100 elementor-top-column elementor-element elementor-element-ff200f8\" data-id=\"ff200f8\" data-element_type=\"column\" data-e-type=\"column\">\n\t\t\t<div class=\"elementor-widget-wrap elementor-element-populated\">\n\t\t\t\t\t\t<div class=\"elementor-element elementor-element-b70ede4 elementor-widget elementor-widget-text-editor\" data-id=\"b70ede4\" data-element_type=\"widget\" data-e-type=\"widget\" data-widget_type=\"text-editor.default\">\n\t\t\t\t<div class=\"elementor-widget-container\">\n\t\t\t\t\t\t\t\t\t<p><strong>O que os vossos clientes podem esperar da Bosch Car Service nos pr\u00f3ximos tempos? Existem novidades ou investimentos que estejam a preparar para continuar a elevar a qualidade e a confian\u00e7a no servi\u00e7o?<\/strong><\/p>\t\t\t\t\t\t\t\t<\/div>\n\t\t\t\t<\/div>\n\t\t\t\t<div class=\"elementor-element elementor-element-9cfd89a elementor-widget elementor-widget-text-editor\" data-id=\"9cfd89a\" data-element_type=\"widget\" data-e-type=\"widget\" data-widget_type=\"text-editor.default\">\n\t\t\t\t<div class=\"elementor-widget-container\">\n\t\t\t\t\t\t\t\t\t<p>Os nossos clientes podem esperar um compromisso cont\u00ednuo com a inova\u00e7\u00e3o, oferecendo novos servi\u00e7os adaptados \u00e0s tend\u00eancias do setor autom\u00f3vel, como a mobilidade el\u00e9trica e a digitaliza\u00e7\u00e3o dos processos de manuten\u00e7\u00e3o. Estamos a preparar investimentos em tecnologia, forma\u00e7\u00e3o e expans\u00e3o da nossa rede para oferecer uma experi\u00eancia cada vez mais eficiente, segura e c\u00f3moda. Queremos continuar a ser uma refer\u00eancia de confian\u00e7a, evoluindo sempre para superar as expectativas dos nossos clientes.<\/p>\t\t\t\t\t\t\t\t<\/div>\n\t\t\t\t<\/div>\n\t\t\t\t\t<\/div>\n\t\t<\/div>\n\t\t\t\t\t<\/div>\n\t\t<\/section>\n\t\t\t\t<section class=\"elementor-section elementor-top-section elementor-element elementor-element-c5e25a8 elementor-section-boxed elementor-section-height-default elementor-section-height-default\" data-id=\"c5e25a8\" data-element_type=\"section\" data-e-type=\"section\">\n\t\t\t\t\t\t<div class=\"elementor-container elementor-column-gap-default\">\n\t\t\t\t\t<div class=\"elementor-column elementor-col-100 elementor-top-column elementor-element elementor-element-a95a18e\" data-id=\"a95a18e\" data-element_type=\"column\" data-e-type=\"column\">\n\t\t\t<div class=\"elementor-widget-wrap elementor-element-populated\">\n\t\t\t\t\t\t<div class=\"elementor-element elementor-element-b0548db elementor-widget elementor-widget-text-editor\" data-id=\"b0548db\" data-element_type=\"widget\" data-e-type=\"widget\" data-widget_type=\"text-editor.default\">\n\t\t\t\t<div class=\"elementor-widget-container\">\n\t\t\t\t\t\t\t\t\t<div class=\"page\" title=\"Page 1\"><div class=\"layoutArea\"><div class=\"column\"><p><strong>Eva Moreno,<br \/><\/strong>Channel Marketing Manager &#8211; Bosch Car Service<\/p><\/div><\/div><\/div>\t\t\t\t\t\t\t\t<\/div>\n\t\t\t\t<\/div>\n\t\t\t\t<div class=\"elementor-element elementor-element-f57d89d elementor-widget elementor-widget-text-editor\" data-id=\"f57d89d\" data-element_type=\"widget\" data-e-type=\"widget\" data-widget_type=\"text-editor.default\">\n\t\t\t\t<div class=\"elementor-widget-container\">\n\t\t\t\t\t\t\t\t\t<div class=\"page\" title=\"Page 1\"><div class=\"layoutArea\"><div class=\"column\"><p><strong><span style=\"color: #000000;\"><a style=\"color: #000000;\" href=\"https:\/\/www.boschcarservice.com\/pt\/pt\/\" target=\"_blank\" rel=\"noopener\">Bosch Car Service<\/a><\/span> foi eleita Boa Escolha 2025, na categoria &#8220;Centros de Manuten\u00e7\u00e3o Autom\u00f3vel&#8221;. Sabe mais<span style=\"color: #000000;\"> <a style=\"color: #000000;\" href=\"https:\/\/boa-escolha.pt\/index.php\/2025\/01\/02\/bosch-car-service-premios-boa-escolha-2025\/\" target=\"_blank\" rel=\"noopener\">aqui<\/a><\/span><\/strong><\/p><\/div><\/div><\/div>\t\t\t\t\t\t\t\t<\/div>\n\t\t\t\t<\/div>\n\t\t\t\t<div class=\"elementor-element elementor-element-65ee8c4 elementor-widget-divider--view-line elementor-widget elementor-widget-divider\" data-id=\"65ee8c4\" data-element_type=\"widget\" data-e-type=\"widget\" data-widget_type=\"divider.default\">\n\t\t\t\t<div class=\"elementor-widget-container\">\n\t\t\t\t\t\t\t<div class=\"elementor-divider\">\n\t\t\t<span class=\"elementor-divider-separator\">\n\t\t\t\t\t\t<\/span>\n\t\t<\/div>\n\t\t\t\t\t\t<\/div>\n\t\t\t\t<\/div>\n\t\t\t\t<div class=\"elementor-element elementor-element-d75e148 elementor-widget elementor-widget-text-editor\" data-id=\"d75e148\" data-element_type=\"widget\" data-e-type=\"widget\" data-widget_type=\"text-editor.default\">\n\t\t\t\t<div class=\"elementor-widget-container\">\n\t\t\t\t\t\t\t\t\t<div class=\"page\" title=\"Page 1\"><div class=\"layoutArea\"><div class=\"column\"><p><span style=\"color: #ffffff;\">Conhece aqui a\u00a0<span style=\"color: #333333;\"><a style=\"color: #333333;\" href=\"https:\/\/consumerchoice.pt\/\" target=\"_blank\" rel=\"noopener\">ConsumerChoice<\/a><\/span><\/span><\/p><\/div><\/div><\/div>\t\t\t\t\t\t\t\t<\/div>\n\t\t\t\t<\/div>\n\t\t\t\t<div class=\"elementor-element elementor-element-b867581 elementor-widget elementor-widget-spacer\" data-id=\"b867581\" data-element_type=\"widget\" data-e-type=\"widget\" data-widget_type=\"spacer.default\">\n\t\t\t\t<div class=\"elementor-widget-container\">\n\t\t\t\t\t\t\t<div class=\"elementor-spacer\">\n\t\t\t<div class=\"elementor-spacer-inner\"><\/div>\n\t\t<\/div>\n\t\t\t\t\t\t<\/div>\n\t\t\t\t<\/div>\n\t\t\t\t\t<\/div>\n\t\t<\/div>\n\t\t\t\t\t<\/div>\n\t\t<\/section>\n\t\t\t\t<\/div>\n\t\t","protected":false},"excerpt":{"rendered":"<p>\u201cA forma\u00e7\u00e3o \u00e9 fundamental para a manuten\u00e7\u00e3o e repara\u00e7\u00e3o de ve\u00edculos eletrificados.&#8221; &#8211; Bosch Car Service De que forma o pr\u00e9mio Boa Escolha refor\u00e7a a confian\u00e7a dos clientes na Bosch Car Service e no servi\u00e7o que prestam diariamente? O pr\u00e9mio Boa Escolha \u00e9 um reconhecimento muito importante que valida a qualidade e fiabilidade dos servi\u00e7os [&hellip;]<\/p>\n","protected":false},"author":4,"featured_media":2916,"comment_status":"open","ping_status":"closed","sticky":false,"template":"elementor_header_footer","format":"standard","meta":{"site-sidebar-layout":"default","site-content-layout":"","ast-site-content-layout":"default","site-content-style":"default","site-sidebar-style":"default","ast-global-header-display":"","ast-banner-title-visibility":"","ast-main-header-display":"","ast-hfb-above-header-display":"","ast-hfb-below-header-display":"","ast-hfb-mobile-header-display":"","site-post-title":"","ast-breadcrumbs-content":"","ast-featured-img":"","footer-sml-layout":"","ast-disable-related-posts":"","theme-transparent-header-meta":"","adv-header-id-meta":"","stick-header-meta":"","header-above-stick-meta":"","header-main-stick-meta":"","header-below-stick-meta":"","astra-migrate-meta-layouts":"set","ast-page-background-enabled":"default","ast-page-background-meta":{"desktop":{"background-color":"","background-image":"","background-repeat":"repeat","background-position":"center center","background-size":"auto","background-attachment":"scroll","background-type":"","background-media":"","overlay-type":"","overlay-color":"","overlay-opacity":"","overlay-gradient":""},"tablet":{"background-color":"","background-image":"","background-repeat":"repeat","background-position":"center center","background-size":"auto","background-attachment":"scroll","background-type":"","background-media":"","overlay-type":"","overlay-color":"","overlay-opacity":"","overlay-gradient":""},"mobile":{"background-color":"","background-image":"","background-repeat":"repeat","background-position":"center center","background-size":"auto","background-attachment":"scroll","background-type":"","background-media":"","overlay-type":"","overlay-color":"","overlay-opacity":"","overlay-gradient":""}},"ast-content-background-meta":{"desktop":{"background-color":"var(--ast-global-color-5)","background-image":"","background-repeat":"repeat","background-position":"center center","background-size":"auto","background-attachment":"scroll","background-type":"","background-media":"","overlay-type":"","overlay-color":"","overlay-opacity":"","overlay-gradient":""},"tablet":{"background-color":"var(--ast-global-color-5)","background-image":"","background-repeat":"repeat","background-position":"center center","background-size":"auto","background-attachment":"scroll","background-type":"","background-media":"","overlay-type":"","overlay-color":"","overlay-opacity":"","overlay-gradient":""},"mobile":{"background-color":"var(--ast-global-color-5)","background-image":"","background-repeat":"repeat","background-position":"center center","background-size":"auto","background-attachment":"scroll","background-type":"","background-media":"","overlay-type":"","overlay-color":"","overlay-opacity":"","overlay-gradient":""}},"footnotes":""},"categories":[1],"tags":[],"class_list":["post-2996","post","type-post","status-publish","format-standard","has-post-thumbnail","hentry","category-uncategorized"],"_links":{"self":[{"href":"https:\/\/boa-escolha.pt\/index.php\/wp-json\/wp\/v2\/posts\/2996","targetHints":{"allow":["GET"]}}],"collection":[{"href":"https:\/\/boa-escolha.pt\/index.php\/wp-json\/wp\/v2\/posts"}],"about":[{"href":"https:\/\/boa-escolha.pt\/index.php\/wp-json\/wp\/v2\/types\/post"}],"author":[{"embeddable":true,"href":"https:\/\/boa-escolha.pt\/index.php\/wp-json\/wp\/v2\/users\/4"}],"replies":[{"embeddable":true,"href":"https:\/\/boa-escolha.pt\/index.php\/wp-json\/wp\/v2\/comments?post=2996"}],"version-history":[{"count":7,"href":"https:\/\/boa-escolha.pt\/index.php\/wp-json\/wp\/v2\/posts\/2996\/revisions"}],"predecessor-version":[{"id":3011,"href":"https:\/\/boa-escolha.pt\/index.php\/wp-json\/wp\/v2\/posts\/2996\/revisions\/3011"}],"wp:featuredmedia":[{"embeddable":true,"href":"https:\/\/boa-escolha.pt\/index.php\/wp-json\/wp\/v2\/media\/2916"}],"wp:attachment":[{"href":"https:\/\/boa-escolha.pt\/index.php\/wp-json\/wp\/v2\/media?parent=2996"}],"wp:term":[{"taxonomy":"category","embeddable":true,"href":"https:\/\/boa-escolha.pt\/index.php\/wp-json\/wp\/v2\/categories?post=2996"},{"taxonomy":"post_tag","embeddable":true,"href":"https:\/\/boa-escolha.pt\/index.php\/wp-json\/wp\/v2\/tags?post=2996"}],"curies":[{"name":"wp","href":"https:\/\/api.w.org\/{rel}","templated":true}]}}